{"id":1820,"date":"2024-10-07T13:05:25","date_gmt":"2024-10-07T11:05:25","guid":{"rendered":"https:\/\/profesionalismoyeticaclinica.unizar.es\/?p=1820"},"modified":"2024-10-07T13:05:26","modified_gmt":"2024-10-07T11:05:26","slug":"xix-curso-de-verano-de-bioetica","status":"publish","type":"post","link":"https:\/\/profesionalismoyeticaclinica.unizar.es\/index.php\/2024\/10\/07\/xix-curso-de-verano-de-bioetica\/","title":{"rendered":"XIX Curso de Verano de Bio\u00e9tica"},"content":{"rendered":"\n<p>Los d\u00edas 13 y 14 se septiembre se celebr\u00f3 una nueva edici\u00f3n del Curso de Verano de Bio\u00e9tica. Es la 19\u00aa edici\u00f3n de una actividad que se ha consolidado como lugar de encuentro y de referencia nacional e internacional para la formaci\u00f3n y el debate sobre aspectos metodol\u00f3gicos de la ense\u00f1anza y la investigaci\u00f3n en bio\u00e9tica, tanto en el grado como en el postgrado y en la innovaci\u00f3n para la formaci\u00f3n continuada de profesionales de la salud.<\/p>\n\n\n\n<h4>Los objetivos del curso eran:<\/h4>\n\n\n\n<p>Analizar y debatir experiencias de docencia e investigaci\u00f3n en bio\u00e9tica y deontolog\u00eda profesional, creando un espacio de intercambio entre estudiantes, profesionales y acad\u00e9micos.<\/p>\n\n\n\n<p>Facilitar orientaci\u00f3n para desarrollar un curr\u00edculo en bio\u00e9tica en quienes deseen formarse para la investigaci\u00f3n y la docencia en bio\u00e9tica, as\u00ed como formar parte de comit\u00e9s.<\/p>\n\n\n\n<p>Promover proyectos de innovaci\u00f3n en investigaci\u00f3n y docencia mediante el encuentro de investigadores j\u00f3venes y veteranos.<\/p>\n\n\n\n<p>Establecer puentes entre la bio\u00e9tica y la realidad asistencial con el fin de contribuir a la excelencia de las profesiones sanitarias<\/p>\n\n\n\n<div class=\"wp-block-file\"><object class=\"wp-block-file__embed\" data=\"https:\/\/profesionalismoyeticaclinica.unizar.es\/wp-content\/uploads\/2024\/10\/folleto_curso_2024_final.pdf\" type=\"application\/pdf\" style=\"width:100%;height:600px\" aria-label=\"Incrustado de folleto_curso_2024_final.\"><\/object><a id=\"wp-block-file--media-2da29a0d-32d3-48ea-b5b4-594eae2cca45\" href=\"https:\/\/profesionalismoyeticaclinica.unizar.es\/wp-content\/uploads\/2024\/10\/folleto_curso_2024_final.pdf\">folleto_curso_2024_final<\/a><a href=\"https:\/\/profesionalismoyeticaclinica.unizar.es\/wp-content\/uploads\/2024\/10\/folleto_curso_2024_final.pdf\" class=\"wp-block-file__button\" download aria-describedby=\"wp-block-file--media-2da29a0d-32d3-48ea-b5b4-594eae2cca45\">Descarga<\/a><\/div>\n","protected":false},"excerpt":{"rendered":"<p>Los d\u00edas 13 y 14 se septiembre se celebr\u00f3 una nueva edici\u00f3n del Curso de Verano de Bio\u00e9tica. Es la 19\u00aa edici\u00f3n de una actividad que se ha consolidado como lugar de encuentro y de referencia nacional e internacional para la formaci\u00f3n y el debate sobre aspectos metodol\u00f3gicos de la ense\u00f1anza y la investigaci\u00f3n en [&hellip;]<\/p>\n","protected":false},"author":1,"featured_media":1822,"comment_status":"open","ping_status":"open","sticky":false,"template":"","format":"standard","meta":{"site-sidebar-layout":"default","site-content-layout":"default","ast-site-content-layout":"default","site-content-style":"default","site-sidebar-style":"default","ast-global-header-display":"","ast-banner-title-visibility":"","ast-main-header-display":"","ast-hfb-above-header-display":"","ast-hfb-below-header-display":"","ast-hfb-mobile-header-display":"","site-post-title":"","ast-breadcrumbs-content":"","ast-featured-img":"disabled","footer-sml-layout":"","theme-transparent-header-meta":"default","adv-header-id-meta":"","stick-header-meta":"","header-above-stick-meta":"","header-main-stick-meta":"","header-below-stick-meta":"","astra-migrate-meta-layouts":"default","ast-page-background-enabled":"default","ast-page-background-meta":{"desktop":{"background-color":"var(--ast-global-color-4)","background-image":"","background-repeat":"repeat","background-position":"center center","background-size":"auto","background-attachment":"scroll","background-type":"","background-media":"","overlay-type":"","overlay-color":"","overlay-opacity":"","overlay-gradient":""},"tablet":{"background-color":"","background-image":"","background-repeat":"repeat","background-position":"center center","background-size":"auto","background-attachment":"scroll","background-type":"","background-media":"","overlay-type":"","overlay-color":"","overlay-opacity":"","overlay-gradient":""},"mobile":{"background-color":"","background-image":"","background-repeat":"repeat","background-position":"center center","background-size":"auto","background-attachment":"scroll","background-type":"","background-media":"","overlay-type":"","overlay-color":"","overlay-opacity":"","overlay-gradient":""}},"ast-content-background-meta":{"desktop":{"background-color":"var(--ast-global-color-5)","background-image":"","background-repeat":"repeat","background-position":"center center","background-size":"auto","background-attachment":"scroll","background-type":"","background-media":"","overlay-type":"","overlay-color":"","overlay-opacity":"","overlay-gradient":""},"tablet":{"background-color":"var(--ast-global-color-5)","background-image":"","background-repeat":"repeat","background-position":"center center","background-size":"auto","background-attachment":"scroll","background-type":"","background-media":"","overlay-type":"","overlay-color":"","overlay-opacity":"","overlay-gradient":""},"mobile":{"background-color":"var(--ast-global-color-5)","background-image":"","background-repeat":"repeat","background-position":"center center","background-size":"auto","background-attachment":"scroll","background-type":"","background-media":"","overlay-type":"","overlay-color":"","overlay-opacity":"","overlay-gradient":""}},"_links_to":"","_links_to_target":""},"categories":[8],"tags":[],"_links":{"self":[{"href":"https:\/\/profesionalismoyeticaclinica.unizar.es\/index.php\/wp-json\/wp\/v2\/posts\/1820"}],"collection":[{"href":"https:\/\/profesionalismoyeticaclinica.unizar.es\/index.php\/wp-json\/wp\/v2\/posts"}],"about":[{"href":"https:\/\/profesionalismoyeticaclinica.unizar.es\/index.php\/wp-json\/wp\/v2\/types\/post"}],"author":[{"embeddable":true,"href":"https:\/\/profesionalismoyeticaclinica.unizar.es\/index.php\/wp-json\/wp\/v2\/users\/1"}],"replies":[{"embeddable":true,"href":"https:\/\/profesionalismoyeticaclinica.unizar.es\/index.php\/wp-json\/wp\/v2\/comments?post=1820"}],"version-history":[{"count":1,"href":"https:\/\/profesionalismoyeticaclinica.unizar.es\/index.php\/wp-json\/wp\/v2\/posts\/1820\/revisions"}],"predecessor-version":[{"id":1823,"href":"https:\/\/profesionalismoyeticaclinica.unizar.es\/index.php\/wp-json\/wp\/v2\/posts\/1820\/revisions\/1823"}],"wp:featuredmedia":[{"embeddable":true,"href":"https:\/\/profesionalismoyeticaclinica.unizar.es\/index.php\/wp-json\/wp\/v2\/media\/1822"}],"wp:attachment":[{"href":"https:\/\/profesionalismoyeticaclinica.unizar.es\/index.php\/wp-json\/wp\/v2\/media?parent=1820"}],"wp:term":[{"taxonomy":"category","embeddable":true,"href":"https:\/\/profesionalismoyeticaclinica.unizar.es\/index.php\/wp-json\/wp\/v2\/categories?post=1820"},{"taxonomy":"post_tag","embeddable":true,"href":"https:\/\/profesionalismoyeticaclinica.unizar.es\/index.php\/wp-json\/wp\/v2\/tags?post=1820"}],"curies":[{"name":"wp","href":"https:\/\/api.w.org\/{rel}","templated":true}]}}